{"id":43551,"date":"2026-08-29T20:32:48","date_gmt":"2026-08-29T18:32:48","guid":{"rendered":"https:\/\/zonamascotas.com\/alopecia-estacional-en-perros-sintomas-y-tratamiento-de-flan\/"},"modified":"2026-08-29T20:32:48","modified_gmt":"2026-08-29T18:32:48","slug":"alopecia-estacional-en-perros-sintomas-y-tratamiento-de-flan","status":"publish","type":"post","link":"https:\/\/zonamascotas.com\/pt\/alopecia-estacional-en-perros-sintomas-y-tratamiento-de-flan\/","title":{"rendered":"Alopecia Estacional en Perros: S\u00edntomas y Tratamiento de Flanco"},"content":{"rendered":"<p class=\"wp-block-paragraph\">Imagina que tu mascota tiene un reloj biol\u00f3gico interno que le indica cu\u00e1ndo debe ponerse su abrigo de invierno. En condiciones normales, cuando los d\u00edas se acortan, su cuerpo prepara una capa de pelo m\u00e1s densa para protegerse del fr\u00edo. Sin embargo, en algunos casos, este mecanismo falla estrepitosamente. La <strong>alopecia estacional en perros<\/strong> es precisamente ese fallo en el sistema, donde el animal pierde pelo en los flancos durante los meses m\u00e1s oscuros del a\u00f1o, sin que exista una enfermedad grave subyacente que lo justifique.<\/p>\n\n\n\n<p class=\"wp-block-paragraph\">Esta condici\u00f3n dermatol\u00f3gica puede resultar desconcertante para cualquier propietario. Ves c\u00f3mo aparecen parches sin pelo en los laterales de tu perro, justo detr\u00e1s de las costillas y delante de las patas traseras. Aunque est\u00e9ticamente puede parecer alarmante, es fundamental mantener la calma. A diferencia de otras afecciones cut\u00e1neas que provocan picor intenso o dolor, este trastorno es principalmente cosm\u00e9tico. No causa molestias f\u00edsicas directas al animal, pero entender su ciclo y sus causas es vital para un correcto <strong>cuidado del perro<\/strong> y para evitar tratamientos innecesarios.<\/p>\n\n\n\n<p class=\"wp-block-paragraph\">En Zona Mascotas sabemos que la salud de la piel es un reflejo del bienestar general. Aunque este problema espec\u00edfico est\u00e1 ligado a la luz solar y no directamente a lo que come tu mascota, mantener una <strong>alimentaci\u00f3n saludable<\/strong> y equilibrada es siempre la base para que, cuando el pelo decida volver a crecer, lo haga con fuerza y brillo. A lo largo de este art\u00edculo, desglosaremos todo lo que necesitas saber sobre esta condici\u00f3n, desde sus s\u00edntomas hasta las opciones de manejo que tu veterinario podr\u00eda sugerirte.<\/p>\n\n\n\n<h2 class=\"wp-block-heading\">Tabla de Contenidos<\/h2>\n\n\n\n<ul class=\"wp-block-list\">\n<li><a href=\"#que-es-y-por-que-ocurre-la-alopecia-estacional\">\u00bfQu\u00e9 es y por qu\u00e9 ocurre la alopecia estacional?<\/a><\/li>\n<li><a href=\"#diagnostico-veterinario-y-descarte-de-otras-enfermedades\">Diagn\u00f3stico veterinario y descarte de otras enfermedades<\/a><\/li>\n<li><a href=\"#preguntas-frecuentes\">Perguntas frequentes<\/a><\/li>\n    <li><a href=\"#el-ciclo-del-pelo-y-la-influencia-de-la-luz-solar\">El ciclo del pelo y la influencia de la luz solar<\/a><\/li>\n    <li><a href=\"#razas-con-mayor-predisposicion-genetica\">Razas con mayor predisposici\u00f3n gen\u00e9tica<\/a><\/li>\n    <li><a href=\"#sintomas-visibles-y-evolucion-de-la-piel\">S\u00edntomas visibles y evoluci\u00f3n de la piel<\/a><\/li>\n    <li><a href=\"#la-importancia-del-historial-clinico-y-la-biopsia\">La importancia del historial cl\u00ednico y la biopsia<\/a><\/li>\n    <li><a href=\"#descartando-hipotiroidismo-y-enfermedad-de-cushing\">Descartando hipotiroidismo y enfermedad de Cushing<\/a><\/li>\n    <li><a href=\"#el-papel-de-la-nutricion-en-la-salud-de-la-piel\">El papel de la nutrici\u00f3n en la salud de la piel<\/a><\/li>\n<\/ul>\n\n\n\n<h2 class=\"wp-block-heading\" id=\"que-es-y-por-que-ocurre-la-alopecia-estacional\">\u00bfQu\u00e9 es y por qu\u00e9 ocurre la alopecia estacional?<\/h2>\n\n\n\n<p class=\"wp-block-paragraph\">Para comprender este fen\u00f3meno, debemos mirar m\u00e1s all\u00e1 de la superficie de la piel. Los flancos son esas zonas laterales del cuerpo canino que a menudo quedan expuestas o semiexpuestas. Cuando hablamos de alopecia, nos referimos estrictamente a la p\u00e9rdida de cabello. En este caso particular, la p\u00e9rdida no es aleatoria ni constante durante todo el a\u00f1o, sino que sigue un patr\u00f3n c\u00edclico muy marcado por las estaciones.<\/p>\n\n\n\n<h3 class=\"wp-block-heading\" id=\"el-ciclo-del-pelo-y-la-influencia-de-la-luz-solar\">El ciclo del pelo y la influencia de la luz solar<\/h3>\n\n\n\n<p class=\"wp-block-paragraph\">La clave de este misterio dermatol\u00f3gico reside en la cantidad de luz que recibe tu mascota. La investigaci\u00f3n cient\u00edfica apunta a que la reducci\u00f3n de las horas de luz durante el oto\u00f1o y el invierno es el desencadenante principal. En un perro sano, la menor exposici\u00f3n a la luz solar estimula la producci\u00f3n de ciertas hormonas, como la melatonina y la prolactina, que ordenan al cuerpo generar un pelaje m\u00e1s grueso y aislante.<\/p>\n\n\n\n<p class=\"wp-block-paragraph\">Sin embargo, en los perros afectados por esta condici\u00f3n, esa se\u00f1al hormonal no se procesa correctamente en los fol\u00edculos pilosos de los flancos. Es como si el interruptor de la calefacci\u00f3n se hubiera quedado atascado en la posici\u00f3n de apagado. El resultado es que, en lugar de engrosar el pelaje para protegerse del fr\u00edo, el perro pierde el pelo en esas zonas espec\u00edficas. Este proceso suele comenzar entre noviembre y marzo en el hemisferio norte, coincidiendo con los d\u00edas m\u00e1s cortos.<\/p>\n\n\n\n<h3 class=\"wp-block-heading\" id=\"razas-con-mayor-predisposicion-genetica\">Razas con mayor predisposici\u00f3n gen\u00e9tica<\/h3>\n\n\n\n<p class=\"wp-block-paragraph\">Aunque cualquier perro, sea de raza pura o mestizo, puede desarrollar este cuadro cl\u00ednico, existe una clara predisposici\u00f3n gen\u00e9tica en ciertas linhajes. Si tienes un Boxer, un Schnauzer o un Airedale Terrier, debes estar especialmente atento a los cambios en su pelaje durante los meses invernales. Estas razas parecen tener una mayor sensibilidad en sus fol\u00edculos a los cambios estacionales de luz.<\/p>\n\n\n\n<p class=\"wp-block-paragraph\">Entre las razas m\u00e1s comunes tambi\u00e9n encontramos al <a href=\"https:\/\/zonamascotas.com\/pt\/bulldog-ingles-caracteristicas-cuidados-y-precio\/\" target=\"_blank\">Bulldog Ingl\u00e9s<\/a>. Es importante recordar que la aparici\u00f3n de este trastorno suele darse en perros j\u00f3venes o adultos j\u00f3venes, generalmente entre el primer y el sexto a\u00f1o de vida. Una vez que el ciclo comienza, es probable que se repita a\u00f1o tras a\u00f1o a lo largo de la vida del animal, convirti\u00e9ndose en una condici\u00f3n cr\u00f3nica pero manejable.<\/p>\n\n\n\n<h3 class=\"wp-block-heading\" id=\"sintomas-visibles-y-evolucion-de-la-piel\">S\u00edntomas visibles y evoluci\u00f3n de la piel<\/h3>\n\n\n\n<p class=\"wp-block-paragraph\">El s\u00edntoma principal es inequ\u00edvoco: la aparici\u00f3n de zonas sin pelo en uno o ambos flancos. Estas \u00e1reas pueden ser sim\u00e9tricas o afectar solo a un lado, y los bordes de la calvicie suelen estar bien definidos. Al principio, la piel puede parecer normal, pero con el tiempo y la exposici\u00f3n continua a los elementos, es frecuente que se oscurezca. Este fen\u00f3meno se conoce como hiperpigmentaci\u00f3n y es una respuesta natural de la piel ante la falta de protecci\u00f3n del cabello.<\/p>\n\n\n\n<figure class=\"wp-block-image\"><img decoding=\"async\" src=\"https:\/\/zonamascotas.com\/wp-content\/uploads\/2026\/08\/seasonal-flank-alope_0.jpg\" alt=\"\" class=\"wp-image-\"\/><\/figure>\n\n\n\n<p class=\"wp-block-paragraph\">A diferencia de una alergia o una infecci\u00f3n por hongos, aqu\u00ed no ver\u00e1s a tu perro rasc\u00e1ndose fren\u00e9ticamente ni lamiendo la zona hasta hacerse da\u00f1o. La ausencia de prurito (picor) es un dato cl\u00ednico muy relevante que ayuda a diferenciar este problema de otros m\u00e1s molestos. Si notas que tu mascota se rasca mucho, es probable que estemos ante otra patolog\u00eda diferente que requiera una atenci\u00f3n inmediata.<\/p>\n\n\n\n<h2 class=\"wp-block-heading\" id=\"diagnostico-veterinario-y-descarte-de-otras-enfermedades\">Diagn\u00f3stico veterinario y descarte de otras enfermedades<\/h2>\n\n\n\n<p class=\"wp-block-paragraph\">Llegar a un diagn\u00f3stico certero es el primer paso para la tranquilidad del propietario. Dado que los s\u00edntomas pueden parecerse a los de otras dolencias m\u00e1s graves, el veterinario debe actuar como un detective, descartando posibilidades una por una. No basta con mirar la piel; es necesario entender el historial completo del animal y su comportamiento.<\/p>\n\n\n\n<h3 class=\"wp-block-heading\" id=\"la-importancia-del-historial-clinico-y-la-biopsia\">La importancia del historial cl\u00ednico y la biopsia<\/h3>\n\n\n\n<p class=\"wp-block-paragraph\">En casos recurrentes, donde el perro ha presentado el mismo patr\u00f3n de ca\u00edda de pelo en winters anteriores, el diagn\u00f3stico puede ser relativamente sencillo bas\u00e1ndose en la historia cl\u00ednica. Sin embargo, si es la primera vez que ocurre, o si el patr\u00f3n no es t\u00edpico, el profesional podr\u00eda recomendar una biopsia de piel. Este procedimiento implica sedar ligeramente al animal y tomar una peque\u00f1a muestra de tejido para analizarla bajo el microscopio.<\/p>\n\n\n\n<p class=\"wp-block-paragraph\">Un pat\u00f3logo veterinario buscar\u00e1 patrones caracter\u00edsticos, como fol\u00edculos pilosos llenos de queratina y un crecimiento reducido y anormal. Este an\u00e1lisis confirma que el problema reside en el ciclo de crecimiento del pelo y no en una destrucci\u00f3n activa del fol\u00edculo por parte del sistema inmune o bacterias. Es la herramienta definitiva para confirmar el diagn\u00f3stico cuando la observaci\u00f3n visual no es suficiente.<\/p>\n\n\n\n<h3 class=\"wp-block-heading\" id=\"descartando-hipotiroidismo-y-enfermedad-de-cushing\">Descartando hipotiroidismo y enfermedad de Cushing<\/h3>\n\n\n\n<p class=\"wp-block-paragraph\">Es crucial no confundir esta alopecia con trastornos endocrinos sist\u00e9micos. El <a href=\"https:\/\/zonamascotas.com\/pt\/hipotiroidismo-en-perros\/\" target=\"_blank\">hipotiroidismo<\/a> y la enfermedad de Cushing son dos condiciones hormonales que tambi\u00e9n provocan p\u00e9rdida de cabello, pero suelen venir acompa\u00f1adas de otros s\u00edntomas como letargo, aumento de peso o cambios en el apetito. Tu veterinario realizar\u00e1 an\u00e1lisis de sangre espec\u00edficos para medir los niveles de hormonas tiroideas y cortisol.<\/p>\n\n\n\n<p class=\"wp-block-paragraph\">Adem\u00e1s, se deben descartar infecciones cut\u00e1neas comunes como la pioderma (infecci\u00f3n bacteriana), la sarna demod\u00e9cica o la ti\u00f1a (dermatofitosis). Estas condiciones suelen requerir tratamientos espec\u00edficos con antibi\u00f3ticos o antif\u00fangicos. Confirmar que no hay presencia de \u00e1caros ni hongos es esencial antes de asumir que se trata de un problema estacional benigno.<\/p>\n\n\n\n<h3 class=\"wp-block-heading\" id=\"el-papel-de-la-nutricion-en-la-salud-de-la-piel\">El papel de la nutrici\u00f3n en la salud de la piel<\/h3>\n\n\n\n<p class=\"wp-block-paragraph\">Aunque la causa ra\u00edz de esta alopecia es hormonal y lum\u00ednica, el estado nutricional de tu mascota juega un papel de soporte fundamental. Una <strong>dieta<\/strong> rica en \u00e1cidos grasos Omega-3 y Omega-6, presentes en muchos piensos de alta gama o suplementos de aceite de pescado, ayuda a mantener la barrera cut\u00e1nea fuerte. Esto no curar\u00e1 la alopecia por s\u00ed solo, pero asegurar\u00e1 que la piel est\u00e9 sana y ready para cuando el ciclo de crecimiento se reactive.<\/p>\n\n\n\n<p class=\"wp-block-paragraph\">La <strong>hidrataci\u00f3n<\/strong> tambi\u00e9n es clave. Aseg\u00farate de que tu perro tenga siempre acceso a agua fresca y limpia. Una piel bien hidratada desde el interior responde mejor a los est\u00edmulos de regeneraci\u00f3n. Adem\u00e1s, evitar premios o <strong>snacks<\/strong> de baja calidad que puedan causar inflamaci\u00f3n sist\u00e9mica es una buena pr\u00e1ctica de <strong>nutrici\u00f3n animal<\/strong> para mantener el <strong>bienestar canino<\/strong> general durante los meses de recuperaci\u00f3n.<\/p>\n\n\n\n<h2 class=\"wp-block-heading\" id=\"preguntas-frecuentes\">Perguntas frequentes<\/h2>\n\n\n\n<p class=\"wp-block-paragraph\"><strong>\u00bfLa alopecia estacional en perros vuelve todos los a\u00f1os?<\/strong> S\u00ed, este trastorno c\u00edclico suele manifestarse durante los meses de menor luz solar y el pelo puede crecer nuevamente en primavera. Sin embargo, la intensidad de los s\u00edntomas puede variar en cada episodio seg\u00fan el estado de salud del animal.<\/p>\n\n\n\n<p class=\"wp-block-paragraph\"><strong>\u00bfC\u00f3mo diferencia el veterinario esta condici\u00f3n de otras enfermedades de la piel?<\/strong> El profesional realiza pruebas espec\u00edficas para descartar hipotiroidismo o problemas hormonales antes de confirmar el diagn\u00f3stico. Es fundamental no automedicar, ya que los tratamientos para otras dolencias no funcionan en este caso.<\/p>\n\n\n\n<p class=\"wp-block-paragraph\"><strong>\u00bfExiste un tratamiento definitivo para curar la alopecia de flanco?<\/strong> No hay una cura definitiva, pero la melatonina suele recetarse para ayudar a estimular la regeneraci\u00f3n del fol\u00edculo piloso. Los resultados pueden tardar varios meses en ser visibles. Siempre debes consultar a tu veterinario para determinar la dosis adecuada y la viabilidad de este tratamiento.<\/p>\n\n\n\n<p class=\"wp-block-paragraph\"><strong>\u00bfEn qu\u00e9 \u00e9pocas del a\u00f1o suele aparecer la p\u00e9rdida de pelo en los costados?<\/strong> Generalmente los s\u00edntomas se hacen evidentes en oto\u00f1o e invierno debido a la reducci\u00f3n de las horas de luz natural. Esta variaci\u00f3n lum\u00ednica afecta los ciclos hormonales que regulan el crecimiento del cabello en la zona del flanco.<\/p>\n\n\n\n<p class=\"wp-block-paragraph\"><strong>\u00bfSe puede prevenir la ca\u00edda del pelo con suplementos o cambios en la dieta?<\/strong> Aunque algunos suplementos apoyan la salud d\u00e9rmica, no garantizan la prevenci\u00f3n de este trastorno c\u00edclico espec\u00edfico. Cada caso requiere una evaluaci\u00f3n individualizada por un experto. Lo mejor es mantener un seguimiento regular con tu veterinario para monitorizar la evoluci\u00f3n del pelaje.<\/p>","protected":false},"excerpt":{"rendered":"<p>Imagina que tu mascota tiene un reloj biol\u00f3gico interno que le indica cu\u00e1ndo debe ponerse su abrigo de invierno. En condiciones normales, cuando los d\u00edas se acortan, su cuerpo prepara una capa de pelo m\u00e1s densa para protegerse del fr\u00edo. Sin embargo, en algunos casos, este mecanismo falla estrepitosamente. La alopecia estacional en perros es [&hellip;]<\/p>\n","protected":false},"author":1,"featured_media":43547,"comment_status":"","ping_status":"closed","sticky":false,"template":"","format":"standard","meta":{"_uag_custom_page_level_css":"","site-sidebar-layout":"default","site-content-layout":"","ast-site-content-layout":"default","site-content-style":"default","site-sidebar-style":"default","ast-global-header-display":"","ast-banner-title-visibility":"","ast-main-header-display":"","ast-hfb-above-header-display":"","ast-hfb-below-header-display":"","ast-hfb-mobile-header-display":"","site-post-title":"","ast-breadcrumbs-content":"","ast-featured-img":"","footer-sml-layout":"","ast-disable-related-posts":"","theme-transparent-header-meta":"","adv-header-id-meta":"","stick-header-meta":"","header-above-stick-meta":"","header-main-stick-meta":"","header-below-stick-meta":"","astra-migrate-meta-layouts":"default","ast-page-background-enabled":"default","ast-page-background-meta":{"desktop":{"background-color":"","background-image":"","background-repeat":"repeat","background-position":"center center","background-size":"auto","background-attachment":"scroll","background-type":"","background-media":"","overlay-type":"","overlay-color":"","overlay-opacity":"","overlay-gradient":""},"tablet":{"background-color":"","background-image":"","background-repeat":"repeat","background-position":"center center","background-size":"auto","background-attachment":"scroll","background-type":"","background-media":"","overlay-type":"","overlay-color":"","overlay-opacity":"","overlay-gradient":""},"mobile":{"background-color":"","background-image":"","background-repeat":"repeat","background-position":"center center","background-size":"auto","background-attachment":"scroll","background-type":"","background-media":"","overlay-type":"","overlay-color":"","overlay-opacity":"","overlay-gradient":""}},"ast-content-background-meta":{"desktop":{"background-color":"var(--ast-global-color-5)","background-image":"","background-repeat":"repeat","background-position":"center center","background-size":"auto","background-attachment":"scroll","background-type":"","background-media":"","overlay-type":"","overlay-color":"","overlay-opacity":"","overlay-gradient":""},"tablet":{"background-color":"var(--ast-global-color-5)","background-image":"","background-repeat":"repeat","background-position":"center center","background-size":"auto","background-attachment":"scroll","background-type":"","background-media":"","overlay-type":"","overlay-color":"","overlay-opacity":"","overlay-gradient":""},"mobile":{"background-color":"var(--ast-global-color-5)","background-image":"","background-repeat":"repeat","background-position":"center center","background-size":"auto","background-attachment":"scroll","background-type":"","background-media":"","overlay-type":"","overlay-color":"","overlay-opacity":"","overlay-gradient":""}},"rank_math_focus_keyword":"alopecia estacional en perros","rank_math_description":"\u00bfTu perro pierde pelo en los costados? Analizamos la alopecia estacional. S\u00edntomas, causas y soluciones efectivas para su bienestar animal.","rank_math_title":"Alopecia Estacional en Perros: S\u00edntomas y Tratamiento de Flanco","rank_math_primary_category":"","rank_math_og_title":"","rank_math_og_description":"","rank_math_og_image":"","rank_math_twitter_title":"","rank_math_twitter_description":"","rank_math_twitter_image":"","rank_math_schema_page_type":"","rank_math_schema_article_type":"","rank_math_robots":["index","follow"],"_joinchat":[],"footnotes":""},"categories":[525],"tags":[],"class_list":["post-43551","post","type-post","status-publish","format-standard","has-post-thumbnail","hentry","category-enfermedades-perros"],"spectra_custom_meta":{"_uagb_previous_block_counts":["a:90:{s:21:\"uagb\/advanced-heading\";i:0;s:15:\"uagb\/blockquote\";i:0;s:12:\"uagb\/buttons\";i:0;s:18:\"uagb\/buttons-child\";i:0;s:19:\"uagb\/call-to-action\";i:0;s:15:\"uagb\/cf7-styler\";i:0;s:11:\"uagb\/column\";i:0;s:12:\"uagb\/columns\";i:0;s:14:\"uagb\/container\";i:0;s:21:\"uagb\/content-timeline\";i:0;s:27:\"uagb\/content-timeline-child\";i:0;s:14:\"uagb\/countdown\";i:0;s:12:\"uagb\/counter\";i:0;s:8:\"uagb\/faq\";i:0;s:14:\"uagb\/faq-child\";i:0;s:10:\"uagb\/forms\";i:0;s:17:\"uagb\/forms-accept\";i:0;s:19:\"uagb\/forms-checkbox\";i:0;s:15:\"uagb\/forms-date\";i:0;s:16:\"uagb\/forms-email\";i:0;s:17:\"uagb\/forms-hidden\";i:0;s:15:\"uagb\/forms-name\";i:0;s:16:\"uagb\/forms-phone\";i:0;s:16:\"uagb\/forms-radio\";i:0;s:17:\"uagb\/forms-select\";i:0;s:19:\"uagb\/forms-textarea\";i:0;s:17:\"uagb\/forms-toggle\";i:0;s:14:\"uagb\/forms-url\";i:0;s:14:\"uagb\/gf-styler\";i:0;s:15:\"uagb\/google-map\";i:0;s:11:\"uagb\/how-to\";i:0;s:16:\"uagb\/how-to-step\";i:0;s:9:\"uagb\/icon\";i:0;s:14:\"uagb\/icon-list\";i:0;s:20:\"uagb\/icon-list-child\";i:0;s:10:\"uagb\/image\";i:0;s:18:\"uagb\/image-gallery\";i:0;s:13:\"uagb\/info-box\";i:0;s:18:\"uagb\/inline-notice\";i:0;s:11:\"uagb\/lottie\";i:0;s:21:\"uagb\/marketing-button\";i:0;s:10:\"uagb\/modal\";i:0;s:18:\"uagb\/popup-builder\";i:0;s:16:\"uagb\/post-button\";i:0;s:18:\"uagb\/post-carousel\";i:0;s:17:\"uagb\/post-excerpt\";i:0;s:14:\"uagb\/post-grid\";i:0;s:15:\"uagb\/post-image\";i:0;s:17:\"uagb\/post-masonry\";i:0;s:14:\"uagb\/post-meta\";i:0;s:18:\"uagb\/post-taxonomy\";i:0;s:18:\"uagb\/post-timeline\";i:0;s:15:\"uagb\/post-title\";i:0;s:20:\"uagb\/restaurant-menu\";i:0;s:26:\"uagb\/restaurant-menu-child\";i:0;s:11:\"uagb\/review\";i:0;s:12:\"uagb\/section\";i:0;s:14:\"uagb\/separator\";i:0;s:11:\"uagb\/slider\";i:0;s:17:\"uagb\/slider-child\";i:0;s:17:\"uagb\/social-share\";i:0;s:23:\"uagb\/social-share-child\";i:0;s:16:\"uagb\/star-rating\";i:0;s:23:\"uagb\/sure-cart-checkout\";i:0;s:22:\"uagb\/sure-cart-product\";i:0;s:15:\"uagb\/sure-forms\";i:0;s:22:\"uagb\/table-of-contents\";i:0;s:9:\"uagb\/tabs\";i:0;s:15:\"uagb\/tabs-child\";i:0;s:18:\"uagb\/taxonomy-list\";i:0;s:9:\"uagb\/team\";i:0;s:16:\"uagb\/testimonial\";i:0;s:14:\"uagb\/wp-search\";i:0;s:19:\"uagb\/instagram-feed\";i:0;s:10:\"uagb\/login\";i:0;s:17:\"uagb\/loop-builder\";i:0;s:18:\"uagb\/loop-category\";i:0;s:20:\"uagb\/loop-pagination\";i:0;s:15:\"uagb\/loop-reset\";i:0;s:16:\"uagb\/loop-search\";i:0;s:14:\"uagb\/loop-sort\";i:0;s:17:\"uagb\/loop-wrapper\";i:0;s:13:\"uagb\/register\";i:0;s:19:\"uagb\/register-email\";i:0;s:24:\"uagb\/register-first-name\";i:0;s:23:\"uagb\/register-last-name\";i:0;s:22:\"uagb\/register-password\";i:0;s:30:\"uagb\/register-reenter-password\";i:0;s:19:\"uagb\/register-terms\";i:0;s:22:\"uagb\/register-username\";i:0;}"],"_thumbnail_id":["43547"],"rank_math_focus_keyword":["alopecia estacional en perros"],"rank_math_description":["\u00bfTu perro pierde pelo en los costados? Analizamos la alopecia estacional. S\u00edntomas, causas y soluciones efectivas para su bienestar animal."],"rank_math_title":["Alopecia Estacional en Perros: S\u00edntomas y Tratamiento de Flanco"],"rank_math_robots":["a:2:{i:0;s:5:\"index\";i:1;s:6:\"follow\";}"],"_uag_css_file_name":["uag-css-43551.css"]},"uagb_featured_image_src":{"full":["https:\/\/zonamascotas.com\/wp-content\/uploads\/2026\/08\/seasonal-flank-alope_0.jpg",995,666,false],"thumbnail":["https:\/\/zonamascotas.com\/wp-content\/uploads\/2026\/08\/seasonal-flank-alope_0-150x150.jpg",150,150,true],"medium":["https:\/\/zonamascotas.com\/wp-content\/uploads\/2026\/08\/seasonal-flank-alope_0-300x201.jpg",300,201,true],"medium_large":["https:\/\/zonamascotas.com\/wp-content\/uploads\/2026\/08\/seasonal-flank-alope_0-768x514.jpg",768,514,true],"large":["https:\/\/zonamascotas.com\/wp-content\/uploads\/2026\/08\/seasonal-flank-alope_0.jpg",995,666,false],"1536x1536":["https:\/\/zonamascotas.com\/wp-content\/uploads\/2026\/08\/seasonal-flank-alope_0.jpg",995,666,false],"2048x2048":["https:\/\/zonamascotas.com\/wp-content\/uploads\/2026\/08\/seasonal-flank-alope_0.jpg",995,666,false],"trp-custom-language-flag":["https:\/\/zonamascotas.com\/wp-content\/uploads\/2026\/08\/seasonal-flank-alope_0-18x12.jpg",18,12,true],"woocommerce_thumbnail":["https:\/\/zonamascotas.com\/wp-content\/uploads\/2026\/08\/seasonal-flank-alope_0-300x300.jpg",300,300,true],"woocommerce_single":["https:\/\/zonamascotas.com\/wp-content\/uploads\/2026\/08\/seasonal-flank-alope_0-600x402.jpg",600,402,true],"woocommerce_gallery_thumbnail":["https:\/\/zonamascotas.com\/wp-content\/uploads\/2026\/08\/seasonal-flank-alope_0-100x100.jpg",100,100,true],"dgwt-wcas-product-suggestion":["https:\/\/zonamascotas.com\/wp-content\/uploads\/2026\/08\/seasonal-flank-alope_0-64x43.jpg",64,43,true]},"uagb_author_info":{"display_name":"admin","author_link":"https:\/\/zonamascotas.com\/pt\/author\/sheholmes\/"},"uagb_comment_info":0,"uagb_excerpt":"Imagina que tu mascota tiene un reloj biol\u00f3gico interno que le indica cu\u00e1ndo debe ponerse su abrigo de invierno. En condiciones normales, cuando los d\u00edas se acortan, su cuerpo prepara una capa de pelo m\u00e1s densa para protegerse del fr\u00edo. Sin embargo, en algunos casos, este mecanismo falla estrepitosamente. La alopecia estacional en perros es&hellip;","_links":{"self":[{"href":"https:\/\/zonamascotas.com\/pt\/wp-json\/wp\/v2\/posts\/43551","targetHints":{"allow":["GET"]}}],"collection":[{"href":"https:\/\/zonamascotas.com\/pt\/wp-json\/wp\/v2\/posts"}],"about":[{"href":"https:\/\/zonamascotas.com\/pt\/wp-json\/wp\/v2\/types\/post"}],"author":[{"embeddable":true,"href":"https:\/\/zonamascotas.com\/pt\/wp-json\/wp\/v2\/users\/1"}],"replies":[{"embeddable":true,"href":"https:\/\/zonamascotas.com\/pt\/wp-json\/wp\/v2\/comments?post=43551"}],"version-history":[{"count":0,"href":"https:\/\/zonamascotas.com\/pt\/wp-json\/wp\/v2\/posts\/43551\/revisions"}],"wp:featuredmedia":[{"embeddable":true,"href":"https:\/\/zonamascotas.com\/pt\/wp-json\/wp\/v2\/media\/43547"}],"wp:attachment":[{"href":"https:\/\/zonamascotas.com\/pt\/wp-json\/wp\/v2\/media?parent=43551"}],"wp:term":[{"taxonomy":"category","embeddable":true,"href":"https:\/\/zonamascotas.com\/pt\/wp-json\/wp\/v2\/categories?post=43551"},{"taxonomy":"post_tag","embeddable":true,"href":"https:\/\/zonamascotas.com\/pt\/wp-json\/wp\/v2\/tags?post=43551"}],"curies":[{"name":"wp","href":"https:\/\/api.w.org\/{rel}","templated":true}]}}